{"id":231,"date":"2020-09-24T21:03:28","date_gmt":"2020-09-25T00:03:28","guid":{"rendered":"http:\/\/canal2deanfunes.com\/?p=231"},"modified":"2020-09-24T21:13:58","modified_gmt":"2020-09-25T00:13:58","slug":"figueroa-no-queremos-quitarle-la-libertad-a-nadie","status":"publish","type":"post","link":"https:\/\/canal2deanfunes.com\/index.php\/2020\/09\/24\/figueroa-no-queremos-quitarle-la-libertad-a-nadie\/","title":{"rendered":"FIGUEROA: \u00abNO QUEREMOS QUITARLE LA LIBERTAD A NADIE\u00bb"},"content":{"rendered":"\n<h2 class=\"wp-block-heading\">Con un nuevo caso de Covid-19 positivo en la ciudad, el mandatario explic\u00f3 las acciones del COE local y record\u00f3 a la poblaci\u00f3n extremar los cuidados para atravesar la pandemia.<\/h2>\n\n\n\n<figure class=\"wp-block-embed-youtube wp-block-embed is-type-video is-provider-youtube wp-embed-aspect-16-9 wp-has-aspect-ratio\"><div class=\"wp-block-embed__wrapper\">\n<iframe loading=\"lazy\" title=\"FIGUEROA: &quot;NO QUEREMOS QUITARLE LA LIBERTAD A NADIE&quot;\" width=\"696\" height=\"392\" src=\"https:\/\/www.youtube.com\/embed\/bI5-rvgo2wM?feature=oembed&#038;enablejsapi=1\" frameborder=\"0\" allow=\"accelerometer; autoplay; clipboard-write; encrypted-media; gyroscope; picture-in-picture\" allowfullscreen><\/iframe>\n<\/div><\/figure>\n\n\n\n<p>Tras la confirmaci\u00f3n, este mi\u00e9rcoles 23, de un nuevo caso positivo de Covid-19 en De\u00e1n Funes, el intendente Ra\u00fal Figueroa repas\u00f3 la situaci\u00f3n epidemiol\u00f3gica y pidi\u00f3 a la poblaci\u00f3n extremar los cuidados para evitar que se propague el virus en la ciudad. Hasta el momento, se contabilizan 19 casos confirmados, con 10 pacientes recuperados y 9 casos activos.<\/p>\n\n\n\n<p>\u00abVamos a convivir con esto muchos meses, sobre todo hasta que aparezca la vacuna. Y estamos detectando cu\u00e1les son los mayores contagios que hemos tenido ac\u00e1, en la ciudad de De\u00e1n Funes. La mayor cantidad -de contagios- son de contactos estrechos, que eso es inevitable\u00bb, asegur\u00f3 el mandatario y prosigui\u00f3: \u00abAhora, si nos cuidamos en todos los otros \u00e1mbitos (), podemos seguir con poco \u00edndice de contagios\u00bb.<\/p>\n\n\n\n<p>A su vez, hizo referencia a los casos en el sector sanitario y asegur\u00f3 que, con su recuperaci\u00f3n, concluyen hoy las restricciones para las actividades colectivas que se hab\u00edan resentido la semana pasada.<\/p>\n\n\n\n<p>Al contemplar el avance del virus en el norte cordob\u00e9s, Figueroa resalt\u00f3 el compromiso de Defensa Civil y el COE local.<\/p>\n\n\n\n<p>\u00abNo queremos quitarle la libertad a nadie. Nosotros siempre hemos adherido a las propuestas de reaperturas de actividades, pero tambi\u00e9n, cuid\u00e1ndonos, viendo las medidas que hay que tomar\u00bb, subray\u00f3 el intendente.<\/p>\n\n\n\n<p>Con respecto a las actividades comerciales que contin\u00faan resentidas, dijo que el municipio est\u00e1 brindando asistencia econ\u00f3mica y manifest\u00f3 su deseo para que, en el corto plazo, puedan reabrir sus puertas.<\/p>\n","protected":false},"excerpt":{"rendered":"<p>Con un nuevo caso de Covid-19 positivo en la ciudad, el mandatario explic\u00f3 las acciones del COE local y record\u00f3 a la poblaci\u00f3n extremar los cuidados para atravesar la pandemia. Tras la confirmaci\u00f3n, este mi\u00e9rcoles 23, de un nuevo caso positivo de Covid-19 en De\u00e1n Funes, el intendente Ra\u00fal Figueroa repas\u00f3 la situaci\u00f3n epidemiol\u00f3gica y [&hellip;]<\/p>\n","protected":false},"author":5,"featured_media":238,"comment_status":"open","ping_status":"open","sticky":false,"template":"","format":"video","meta":{"tdm_status":"","tdm_grid_status":"","footnotes":""},"categories":[13,43,62],"tags":[],"class_list":{"0":"post-231","1":"post","2":"type-post","3":"status-publish","4":"format-video","5":"has-post-thumbnail","7":"category-covid-19","8":"category-cuarentena","9":"category-dean-funes","10":"post_format-post-format-video"},"yoast_head":"<!-- This site is optimized with the Yoast SEO plugin v19.5.1 - https:\/\/yoast.com\/wordpress\/plugins\/seo\/ -->\n<title>FIGUEROA: &quot;NO QUEREMOS QUITARLE LA LIBERTAD A NADIE&quot; | Canal 2 De\u00e1n Funes<\/title>\n<meta name=\"robots\" content=\"index, follow, max-snippet:-1, max-image-preview:large, max-video-preview:-1\" \/>\n<link rel=\"canonical\" href=\"https:\/\/canal2deanfunes.com\/index.php\/2020\/09\/24\/figueroa-no-queremos-quitarle-la-libertad-a-nadie\/\" \/>\n<meta property=\"og:locale\" content=\"es_ES\" \/>\n<meta property=\"og:type\" content=\"article\" \/>\n<meta property=\"og:title\" content=\"FIGUEROA: &quot;NO QUEREMOS QUITARLE LA LIBERTAD A NADIE&quot; | Canal 2 De\u00e1n Funes\" \/>\n<meta property=\"og:description\" content=\"Con un nuevo caso de Covid-19 positivo en la ciudad, el mandatario explic\u00f3 las acciones del COE local y record\u00f3 a la poblaci\u00f3n extremar los cuidados para atravesar la pandemia. Tras la confirmaci\u00f3n, este mi\u00e9rcoles 23, de un nuevo caso positivo de Covid-19 en De\u00e1n Funes, el intendente Ra\u00fal Figueroa repas\u00f3 la situaci\u00f3n epidemiol\u00f3gica y [&hellip;]\" \/>\n<meta property=\"og:url\" content=\"https:\/\/canal2deanfunes.com\/index.php\/2020\/09\/24\/figueroa-no-queremos-quitarle-la-libertad-a-nadie\/\" \/>\n<meta property=\"og:site_name\" content=\"Canal 2 De\u00e1n Funes\" \/>\n<meta property=\"article:publisher\" content=\"https:\/\/www.facebook.com\/Canal2DF\" \/>\n<meta property=\"article:published_time\" content=\"2020-09-25T00:03:28+00:00\" \/>\n<meta property=\"article:modified_time\" content=\"2020-09-25T00:13:58+00:00\" \/>\n<meta property=\"og:image\" content=\"https:\/\/canal2deanfunes.com\/wp-content\/uploads\/2020\/09\/sddefault-2.jpg\" \/>\n\t<meta property=\"og:image:width\" content=\"640\" \/>\n\t<meta property=\"og:image:height\" content=\"480\" \/>\n\t<meta property=\"og:image:type\" content=\"image\/jpeg\" \/>\n<meta name=\"author\" content=\"Canal 2 De\u00e1n Funes\" \/>\n<meta name=\"twitter:card\" content=\"summary_large_image\" \/>\n<meta name=\"twitter:label1\" content=\"Escrito por\" \/>\n\t<meta name=\"twitter:data1\" content=\"Canal 2 De\u00e1n Funes\" \/>\n\t<meta name=\"twitter:label2\" content=\"Tiempo de lectura\" \/>\n\t<meta name=\"twitter:data2\" content=\"1 minuto\" \/>\n<script type=\"application\/ld+json\" class=\"yoast-schema-graph\">{\"@context\":\"https:\/\/schema.org\",\"@graph\":[{\"@type\":\"Article\",\"@id\":\"https:\/\/canal2deanfunes.com\/index.php\/2020\/09\/24\/figueroa-no-queremos-quitarle-la-libertad-a-nadie\/#article\",\"isPartOf\":{\"@id\":\"https:\/\/canal2deanfunes.com\/index.php\/2020\/09\/24\/figueroa-no-queremos-quitarle-la-libertad-a-nadie\/\"},\"author\":{\"name\":\"Canal 2 De\u00e1n Funes\",\"@id\":\"https:\/\/canal2deanfunes.com\/#\/schema\/person\/eb55f9178d26b9ccff99a53e2dc59a5c\"},\"headline\":\"FIGUEROA: \u00abNO QUEREMOS QUITARLE LA LIBERTAD A NADIE\u00bb\",\"datePublished\":\"2020-09-25T00:03:28+00:00\",\"dateModified\":\"2020-09-25T00:13:58+00:00\",\"mainEntityOfPage\":{\"@id\":\"https:\/\/canal2deanfunes.com\/index.php\/2020\/09\/24\/figueroa-no-queremos-quitarle-la-libertad-a-nadie\/\"},\"wordCount\":297,\"commentCount\":0,\"publisher\":{\"@id\":\"https:\/\/canal2deanfunes.com\/#organization\"},\"articleSection\":[\"Covid-19\",\"Cuarentena\",\"De\u00e1n Funes\"],\"inLanguage\":\"es\",\"potentialAction\":[{\"@type\":\"CommentAction\",\"name\":\"Comment\",\"target\":[\"https:\/\/canal2deanfunes.com\/index.php\/2020\/09\/24\/figueroa-no-queremos-quitarle-la-libertad-a-nadie\/#respond\"]}]},{\"@type\":\"WebPage\",\"@id\":\"https:\/\/canal2deanfunes.com\/index.php\/2020\/09\/24\/figueroa-no-queremos-quitarle-la-libertad-a-nadie\/\",\"url\":\"https:\/\/canal2deanfunes.com\/index.php\/2020\/09\/24\/figueroa-no-queremos-quitarle-la-libertad-a-nadie\/\",\"name\":\"FIGUEROA: \\\"NO QUEREMOS QUITARLE LA LIBERTAD A NADIE\\\" | Canal 2 De\u00e1n Funes\",\"isPartOf\":{\"@id\":\"https:\/\/canal2deanfunes.com\/#website\"},\"datePublished\":\"2020-09-25T00:03:28+00:00\",\"dateModified\":\"2020-09-25T00:13:58+00:00\",\"breadcrumb\":{\"@id\":\"https:\/\/canal2deanfunes.com\/index.php\/2020\/09\/24\/figueroa-no-queremos-quitarle-la-libertad-a-nadie\/#breadcrumb\"},\"inLanguage\":\"es\",\"potentialAction\":[{\"@type\":\"ReadAction\",\"target\":[\"https:\/\/canal2deanfunes.com\/index.php\/2020\/09\/24\/figueroa-no-queremos-quitarle-la-libertad-a-nadie\/\"]}]},{\"@type\":\"BreadcrumbList\",\"@id\":\"https:\/\/canal2deanfunes.com\/index.php\/2020\/09\/24\/figueroa-no-queremos-quitarle-la-libertad-a-nadie\/#breadcrumb\",\"itemListElement\":[{\"@type\":\"ListItem\",\"position\":1,\"name\":\"Portada\",\"item\":\"https:\/\/canal2deanfunes.com\/\"},{\"@type\":\"ListItem\",\"position\":2,\"name\":\"FIGUEROA: \u00abNO QUEREMOS QUITARLE LA LIBERTAD A NADIE\u00bb\"}]},{\"@type\":\"WebSite\",\"@id\":\"https:\/\/canal2deanfunes.com\/#website\",\"url\":\"https:\/\/canal2deanfunes.com\/\",\"name\":\"Canal 2 De\u00e1n Funes\",\"description\":\"Otro sitio realizado con WordPress\",\"publisher\":{\"@id\":\"https:\/\/canal2deanfunes.com\/#organization\"},\"potentialAction\":[{\"@type\":\"SearchAction\",\"target\":{\"@type\":\"EntryPoint\",\"urlTemplate\":\"https:\/\/canal2deanfunes.com\/?s={search_term_string}\"},\"query-input\":\"required name=search_term_string\"}],\"inLanguage\":\"es\"},{\"@type\":\"Organization\",\"@id\":\"https:\/\/canal2deanfunes.com\/#organization\",\"name\":\"Canal 2 De\u00e1n Funes\",\"url\":\"https:\/\/canal2deanfunes.com\/\",\"sameAs\":[\"https:\/\/www.instagram.com\/canal2deanfunes\/\",\"https:\/\/www.youtube.com\/channel\/UC3bsL78u3y7RjR7ghXj4sCw\",\"https:\/\/www.facebook.com\/Canal2DF\"],\"logo\":{\"@type\":\"ImageObject\",\"inLanguage\":\"es\",\"@id\":\"https:\/\/canal2deanfunes.com\/#\/schema\/logo\/image\/\",\"url\":\"https:\/\/canal2deanfunes.com\/wp-content\/uploads\/2020\/08\/C2-CHICO-01.png\",\"contentUrl\":\"https:\/\/canal2deanfunes.com\/wp-content\/uploads\/2020\/08\/C2-CHICO-01.png\",\"width\":231,\"height\":90,\"caption\":\"Canal 2 De\u00e1n Funes\"},\"image\":{\"@id\":\"https:\/\/canal2deanfunes.com\/#\/schema\/logo\/image\/\"}},{\"@type\":\"Person\",\"@id\":\"https:\/\/canal2deanfunes.com\/#\/schema\/person\/eb55f9178d26b9ccff99a53e2dc59a5c\",\"name\":\"Canal 2 De\u00e1n Funes\",\"image\":{\"@type\":\"ImageObject\",\"inLanguage\":\"es\",\"@id\":\"https:\/\/canal2deanfunes.com\/#\/schema\/person\/image\/\",\"url\":\"https:\/\/secure.gravatar.com\/avatar\/40091e4eb434b617e3322b2702be9a63?s=96&d=mm&r=g\",\"contentUrl\":\"https:\/\/secure.gravatar.com\/avatar\/40091e4eb434b617e3322b2702be9a63?s=96&d=mm&r=g\",\"caption\":\"Canal 2 De\u00e1n Funes\"},\"url\":\"https:\/\/canal2deanfunes.com\/index.php\/author\/canal\/\"}]}<\/script>\n<!-- \/ Yoast SEO plugin. -->","yoast_head_json":{"title":"FIGUEROA: \"NO QUEREMOS QUITARLE LA LIBERTAD A NADIE\" | Canal 2 De\u00e1n Funes","robots":{"index":"index","follow":"follow","max-snippet":"max-snippet:-1","max-image-preview":"max-image-preview:large","max-video-preview":"max-video-preview:-1"},"canonical":"https:\/\/canal2deanfunes.com\/index.php\/2020\/09\/24\/figueroa-no-queremos-quitarle-la-libertad-a-nadie\/","og_locale":"es_ES","og_type":"article","og_title":"FIGUEROA: \"NO QUEREMOS QUITARLE LA LIBERTAD A NADIE\" | Canal 2 De\u00e1n Funes","og_description":"Con un nuevo caso de Covid-19 positivo en la ciudad, el mandatario explic\u00f3 las acciones del COE local y record\u00f3 a la poblaci\u00f3n extremar los cuidados para atravesar la pandemia. Tras la confirmaci\u00f3n, este mi\u00e9rcoles 23, de un nuevo caso positivo de Covid-19 en De\u00e1n Funes, el intendente Ra\u00fal Figueroa repas\u00f3 la situaci\u00f3n epidemiol\u00f3gica y [&hellip;]","og_url":"https:\/\/canal2deanfunes.com\/index.php\/2020\/09\/24\/figueroa-no-queremos-quitarle-la-libertad-a-nadie\/","og_site_name":"Canal 2 De\u00e1n Funes","article_publisher":"https:\/\/www.facebook.com\/Canal2DF","article_published_time":"2020-09-25T00:03:28+00:00","article_modified_time":"2020-09-25T00:13:58+00:00","og_image":[{"width":640,"height":480,"url":"https:\/\/canal2deanfunes.com\/wp-content\/uploads\/2020\/09\/sddefault-2.jpg","type":"image\/jpeg"}],"author":"Canal 2 De\u00e1n Funes","twitter_card":"summary_large_image","twitter_misc":{"Escrito por":"Canal 2 De\u00e1n Funes","Tiempo de lectura":"1 minuto"},"schema":{"@context":"https:\/\/schema.org","@graph":[{"@type":"Article","@id":"https:\/\/canal2deanfunes.com\/index.php\/2020\/09\/24\/figueroa-no-queremos-quitarle-la-libertad-a-nadie\/#article","isPartOf":{"@id":"https:\/\/canal2deanfunes.com\/index.php\/2020\/09\/24\/figueroa-no-queremos-quitarle-la-libertad-a-nadie\/"},"author":{"name":"Canal 2 De\u00e1n Funes","@id":"https:\/\/canal2deanfunes.com\/#\/schema\/person\/eb55f9178d26b9ccff99a53e2dc59a5c"},"headline":"FIGUEROA: \u00abNO QUEREMOS QUITARLE LA LIBERTAD A NADIE\u00bb","datePublished":"2020-09-25T00:03:28+00:00","dateModified":"2020-09-25T00:13:58+00:00","mainEntityOfPage":{"@id":"https:\/\/canal2deanfunes.com\/index.php\/2020\/09\/24\/figueroa-no-queremos-quitarle-la-libertad-a-nadie\/"},"wordCount":297,"commentCount":0,"publisher":{"@id":"https:\/\/canal2deanfunes.com\/#organization"},"articleSection":["Covid-19","Cuarentena","De\u00e1n Funes"],"inLanguage":"es","potentialAction":[{"@type":"CommentAction","name":"Comment","target":["https:\/\/canal2deanfunes.com\/index.php\/2020\/09\/24\/figueroa-no-queremos-quitarle-la-libertad-a-nadie\/#respond"]}]},{"@type":"WebPage","@id":"https:\/\/canal2deanfunes.com\/index.php\/2020\/09\/24\/figueroa-no-queremos-quitarle-la-libertad-a-nadie\/","url":"https:\/\/canal2deanfunes.com\/index.php\/2020\/09\/24\/figueroa-no-queremos-quitarle-la-libertad-a-nadie\/","name":"FIGUEROA: \"NO QUEREMOS QUITARLE LA LIBERTAD A NADIE\" | Canal 2 De\u00e1n Funes","isPartOf":{"@id":"https:\/\/canal2deanfunes.com\/#website"},"datePublished":"2020-09-25T00:03:28+00:00","dateModified":"2020-09-25T00:13:58+00:00","breadcrumb":{"@id":"https:\/\/canal2deanfunes.com\/index.php\/2020\/09\/24\/figueroa-no-queremos-quitarle-la-libertad-a-nadie\/#breadcrumb"},"inLanguage":"es","potentialAction":[{"@type":"ReadAction","target":["https:\/\/canal2deanfunes.com\/index.php\/2020\/09\/24\/figueroa-no-queremos-quitarle-la-libertad-a-nadie\/"]}]},{"@type":"BreadcrumbList","@id":"https:\/\/canal2deanfunes.com\/index.php\/2020\/09\/24\/figueroa-no-queremos-quitarle-la-libertad-a-nadie\/#breadcrumb","itemListElement":[{"@type":"ListItem","position":1,"name":"Portada","item":"https:\/\/canal2deanfunes.com\/"},{"@type":"ListItem","position":2,"name":"FIGUEROA: \u00abNO QUEREMOS QUITARLE LA LIBERTAD A NADIE\u00bb"}]},{"@type":"WebSite","@id":"https:\/\/canal2deanfunes.com\/#website","url":"https:\/\/canal2deanfunes.com\/","name":"Canal 2 De\u00e1n Funes","description":"Otro sitio realizado con WordPress","publisher":{"@id":"https:\/\/canal2deanfunes.com\/#organization"},"potentialAction":[{"@type":"SearchAction","target":{"@type":"EntryPoint","urlTemplate":"https:\/\/canal2deanfunes.com\/?s={search_term_string}"},"query-input":"required name=search_term_string"}],"inLanguage":"es"},{"@type":"Organization","@id":"https:\/\/canal2deanfunes.com\/#organization","name":"Canal 2 De\u00e1n Funes","url":"https:\/\/canal2deanfunes.com\/","sameAs":["https:\/\/www.instagram.com\/canal2deanfunes\/","https:\/\/www.youtube.com\/channel\/UC3bsL78u3y7RjR7ghXj4sCw","https:\/\/www.facebook.com\/Canal2DF"],"logo":{"@type":"ImageObject","inLanguage":"es","@id":"https:\/\/canal2deanfunes.com\/#\/schema\/logo\/image\/","url":"https:\/\/canal2deanfunes.com\/wp-content\/uploads\/2020\/08\/C2-CHICO-01.png","contentUrl":"https:\/\/canal2deanfunes.com\/wp-content\/uploads\/2020\/08\/C2-CHICO-01.png","width":231,"height":90,"caption":"Canal 2 De\u00e1n Funes"},"image":{"@id":"https:\/\/canal2deanfunes.com\/#\/schema\/logo\/image\/"}},{"@type":"Person","@id":"https:\/\/canal2deanfunes.com\/#\/schema\/person\/eb55f9178d26b9ccff99a53e2dc59a5c","name":"Canal 2 De\u00e1n Funes","image":{"@type":"ImageObject","inLanguage":"es","@id":"https:\/\/canal2deanfunes.com\/#\/schema\/person\/image\/","url":"https:\/\/secure.gravatar.com\/avatar\/40091e4eb434b617e3322b2702be9a63?s=96&d=mm&r=g","contentUrl":"https:\/\/secure.gravatar.com\/avatar\/40091e4eb434b617e3322b2702be9a63?s=96&d=mm&r=g","caption":"Canal 2 De\u00e1n Funes"},"url":"https:\/\/canal2deanfunes.com\/index.php\/author\/canal\/"}]}},"_links":{"self":[{"href":"https:\/\/canal2deanfunes.com\/index.php\/wp-json\/wp\/v2\/posts\/231","targetHints":{"allow":["GET"]}}],"collection":[{"href":"https:\/\/canal2deanfunes.com\/index.php\/wp-json\/wp\/v2\/posts"}],"about":[{"href":"https:\/\/canal2deanfunes.com\/index.php\/wp-json\/wp\/v2\/types\/post"}],"author":[{"embeddable":true,"href":"https:\/\/canal2deanfunes.com\/index.php\/wp-json\/wp\/v2\/users\/5"}],"replies":[{"embeddable":true,"href":"https:\/\/canal2deanfunes.com\/index.php\/wp-json\/wp\/v2\/comments?post=231"}],"version-history":[{"count":1,"href":"https:\/\/canal2deanfunes.com\/index.php\/wp-json\/wp\/v2\/posts\/231\/revisions"}],"predecessor-version":[{"id":232,"href":"https:\/\/canal2deanfunes.com\/index.php\/wp-json\/wp\/v2\/posts\/231\/revisions\/232"}],"wp:featuredmedia":[{"embeddable":true,"href":"https:\/\/canal2deanfunes.com\/index.php\/wp-json\/wp\/v2\/media\/238"}],"wp:attachment":[{"href":"https:\/\/canal2deanfunes.com\/index.php\/wp-json\/wp\/v2\/media?parent=231"}],"wp:term":[{"taxonomy":"category","embeddable":true,"href":"https:\/\/canal2deanfunes.com\/index.php\/wp-json\/wp\/v2\/categories?post=231"},{"taxonomy":"post_tag","embeddable":true,"href":"https:\/\/canal2deanfunes.com\/index.php\/wp-json\/wp\/v2\/tags?post=231"}],"curies":[{"name":"wp","href":"https:\/\/api.w.org\/{rel}","templated":true}]}}