{"id":320,"date":"2020-10-06T20:58:09","date_gmt":"2020-10-06T23:58:09","guid":{"rendered":"http:\/\/canal2deanfunes.com\/?p=320"},"modified":"2020-10-06T20:58:18","modified_gmt":"2020-10-06T23:58:18","slug":"uepc-ischilin-sostiene-que-no-es-seguro-el-regreso-a-las-aulas","status":"publish","type":"post","link":"https:\/\/canal2deanfunes.com\/index.php\/2020\/10\/06\/uepc-ischilin-sostiene-que-no-es-seguro-el-regreso-a-las-aulas\/","title":{"rendered":"UEPC ISCHIL\u00cdN SOSTIENE QUE NO ES SEGURO EL REGRESO A LAS AULAS"},"content":{"rendered":"\n<h2 class=\"wp-block-heading\">Desde el gremio que nuclea a los docentes aseguran que \u00abno est\u00e1n dadas las condiciones\u00bb.<\/h2>\n\n\n\n<p>El Ministro de Educaci\u00f3n de la Naci\u00f3n, Nicol\u00e1s Trotta, mantuvo una reuni\u00f3n virtual con los ministros de las 24 provincias este martes, sobre el posible regreso a las clases presenciales, poniendo en consideraci\u00f3n la situaci\u00f3n epidemiol\u00f3gica de cada una.<\/p>\n\n\n\n<p>En este sentido, el secretario general de la Uni\u00f3n de Educadores de la Provincia de C\u00f3rdoba (UEPC), Juan Moncerrat, manifest\u00f3 la posici\u00f3n del gremio docente en el contexto de la crisis sanitaria por Covid-19 que azota a la provincia.<\/p>\n\n\n\n<p>\u00abNosotros no tenemos problema si tenemos seguridad de que la pandemia no se va a expandir. Pero los datos no van en l\u00ednea con los anhelos\u00bb.<\/p>\n\n\n\n<p>En consonancia con los dichos de Moncerrat, el secretario general de UEPC Ischil\u00edn, Alberto Moyano, sostuvo que \u00ablas condiciones, en este momento, no est\u00e1n dadas\u00bb.<\/p>\n\n\n\n<p>\u00abYo no dir\u00eda que est\u00e1 equivocado el Ministro, pero cada localidad, cada ciudad tiene su particularidad\u00bb, analiz\u00f3 Moyano haciendo referencia a la curva ascendente de casos de Covid-19 en la regi\u00f3n y agreg\u00f3 que \u00abes imposible dar clases en este contexto\u00bb.<\/p>\n\n\n\n<figure class=\"wp-block-image size-large\"><img loading=\"lazy\" decoding=\"async\" width=\"300\" height=\"168\" src=\"https:\/\/canal2deanfunes.com\/wp-content\/uploads\/2020\/10\/descarga-2.jpg\" alt=\"\" class=\"wp-image-321\" srcset=\"https:\/\/canal2deanfunes.com\/wp-content\/uploads\/2020\/10\/descarga-2.jpg 300w, https:\/\/canal2deanfunes.com\/wp-content\/uploads\/2020\/10\/descarga-2-150x84.jpg 150w\" sizes=\"auto, (max-width: 300px) 100vw, 300px\" \/><\/figure>\n","protected":false},"excerpt":{"rendered":"<p>Desde el gremio que nuclea a los docentes aseguran que \u00abno est\u00e1n dadas las condiciones\u00bb. El Ministro de Educaci\u00f3n de la Naci\u00f3n, Nicol\u00e1s Trotta, mantuvo una reuni\u00f3n virtual con los ministros de las 24 provincias este martes, sobre el posible regreso a las clases presenciales, poniendo en consideraci\u00f3n la situaci\u00f3n epidemiol\u00f3gica de cada una. En [&hellip;]<\/p>\n","protected":false},"author":5,"featured_media":323,"comment_status":"open","ping_status":"open","sticky":false,"template":"","format":"video","meta":{"tdm_status":"","tdm_grid_status":"","footnotes":""},"categories":[13,62,17,8],"tags":[],"class_list":{"0":"post-320","1":"post","2":"type-post","3":"status-publish","4":"format-video","5":"has-post-thumbnail","7":"category-covid-19","8":"category-dean-funes","9":"category-educacion","10":"category-polit","11":"post_format-post-format-video"},"yoast_head":"<!-- This site is optimized with the Yoast SEO plugin v19.5.1 - https:\/\/yoast.com\/wordpress\/plugins\/seo\/ -->\n<title>UEPC ISCHIL\u00cdN SOSTIENE QUE NO ES SEGURO EL REGRESO A LAS AULAS | Canal 2 De\u00e1n Funes<\/title>\n<meta name=\"robots\" content=\"index, follow, max-snippet:-1, max-image-preview:large, max-video-preview:-1\" \/>\n<link rel=\"canonical\" href=\"https:\/\/canal2deanfunes.com\/index.php\/2020\/10\/06\/uepc-ischilin-sostiene-que-no-es-seguro-el-regreso-a-las-aulas\/\" \/>\n<meta property=\"og:locale\" content=\"es_ES\" \/>\n<meta property=\"og:type\" content=\"article\" \/>\n<meta property=\"og:title\" content=\"UEPC ISCHIL\u00cdN SOSTIENE QUE NO ES SEGURO EL REGRESO A LAS AULAS | Canal 2 De\u00e1n Funes\" \/>\n<meta property=\"og:description\" content=\"Desde el gremio que nuclea a los docentes aseguran que \u00abno est\u00e1n dadas las condiciones\u00bb. El Ministro de Educaci\u00f3n de la Naci\u00f3n, Nicol\u00e1s Trotta, mantuvo una reuni\u00f3n virtual con los ministros de las 24 provincias este martes, sobre el posible regreso a las clases presenciales, poniendo en consideraci\u00f3n la situaci\u00f3n epidemiol\u00f3gica de cada una. En [&hellip;]\" \/>\n<meta property=\"og:url\" content=\"https:\/\/canal2deanfunes.com\/index.php\/2020\/10\/06\/uepc-ischilin-sostiene-que-no-es-seguro-el-regreso-a-las-aulas\/\" \/>\n<meta property=\"og:site_name\" content=\"Canal 2 De\u00e1n Funes\" \/>\n<meta property=\"article:publisher\" content=\"https:\/\/www.facebook.com\/Canal2DF\" \/>\n<meta property=\"article:published_time\" content=\"2020-10-06T23:58:09+00:00\" \/>\n<meta property=\"article:modified_time\" content=\"2020-10-06T23:58:18+00:00\" \/>\n<meta property=\"og:image\" content=\"https:\/\/canal2deanfunes.com\/wp-content\/uploads\/2020\/10\/sddefault-2.jpg\" \/>\n\t<meta property=\"og:image:width\" content=\"640\" \/>\n\t<meta property=\"og:image:height\" content=\"480\" \/>\n\t<meta property=\"og:image:type\" content=\"image\/jpeg\" \/>\n<meta name=\"author\" content=\"Canal 2 De\u00e1n Funes\" \/>\n<meta name=\"twitter:card\" content=\"summary_large_image\" \/>\n<meta name=\"twitter:label1\" content=\"Escrito por\" \/>\n\t<meta name=\"twitter:data1\" content=\"Canal 2 De\u00e1n Funes\" \/>\n\t<meta name=\"twitter:label2\" content=\"Tiempo de lectura\" \/>\n\t<meta name=\"twitter:data2\" content=\"1 minuto\" \/>\n<script type=\"application\/ld+json\" class=\"yoast-schema-graph\">{\"@context\":\"https:\/\/schema.org\",\"@graph\":[{\"@type\":\"Article\",\"@id\":\"https:\/\/canal2deanfunes.com\/index.php\/2020\/10\/06\/uepc-ischilin-sostiene-que-no-es-seguro-el-regreso-a-las-aulas\/#article\",\"isPartOf\":{\"@id\":\"https:\/\/canal2deanfunes.com\/index.php\/2020\/10\/06\/uepc-ischilin-sostiene-que-no-es-seguro-el-regreso-a-las-aulas\/\"},\"author\":{\"name\":\"Canal 2 De\u00e1n Funes\",\"@id\":\"https:\/\/canal2deanfunes.com\/#\/schema\/person\/eb55f9178d26b9ccff99a53e2dc59a5c\"},\"headline\":\"UEPC ISCHIL\u00cdN SOSTIENE QUE NO ES SEGURO EL REGRESO A LAS AULAS\",\"datePublished\":\"2020-10-06T23:58:09+00:00\",\"dateModified\":\"2020-10-06T23:58:18+00:00\",\"mainEntityOfPage\":{\"@id\":\"https:\/\/canal2deanfunes.com\/index.php\/2020\/10\/06\/uepc-ischilin-sostiene-que-no-es-seguro-el-regreso-a-las-aulas\/\"},\"wordCount\":213,\"commentCount\":0,\"publisher\":{\"@id\":\"https:\/\/canal2deanfunes.com\/#organization\"},\"articleSection\":[\"Covid-19\",\"De\u00e1n Funes\",\"Educaci\u00f3n\",\"Pol\u00edtica\"],\"inLanguage\":\"es\",\"potentialAction\":[{\"@type\":\"CommentAction\",\"name\":\"Comment\",\"target\":[\"https:\/\/canal2deanfunes.com\/index.php\/2020\/10\/06\/uepc-ischilin-sostiene-que-no-es-seguro-el-regreso-a-las-aulas\/#respond\"]}]},{\"@type\":\"WebPage\",\"@id\":\"https:\/\/canal2deanfunes.com\/index.php\/2020\/10\/06\/uepc-ischilin-sostiene-que-no-es-seguro-el-regreso-a-las-aulas\/\",\"url\":\"https:\/\/canal2deanfunes.com\/index.php\/2020\/10\/06\/uepc-ischilin-sostiene-que-no-es-seguro-el-regreso-a-las-aulas\/\",\"name\":\"UEPC ISCHIL\u00cdN SOSTIENE QUE NO ES SEGURO EL REGRESO A LAS AULAS | Canal 2 De\u00e1n Funes\",\"isPartOf\":{\"@id\":\"https:\/\/canal2deanfunes.com\/#website\"},\"datePublished\":\"2020-10-06T23:58:09+00:00\",\"dateModified\":\"2020-10-06T23:58:18+00:00\",\"breadcrumb\":{\"@id\":\"https:\/\/canal2deanfunes.com\/index.php\/2020\/10\/06\/uepc-ischilin-sostiene-que-no-es-seguro-el-regreso-a-las-aulas\/#breadcrumb\"},\"inLanguage\":\"es\",\"potentialAction\":[{\"@type\":\"ReadAction\",\"target\":[\"https:\/\/canal2deanfunes.com\/index.php\/2020\/10\/06\/uepc-ischilin-sostiene-que-no-es-seguro-el-regreso-a-las-aulas\/\"]}]},{\"@type\":\"BreadcrumbList\",\"@id\":\"https:\/\/canal2deanfunes.com\/index.php\/2020\/10\/06\/uepc-ischilin-sostiene-que-no-es-seguro-el-regreso-a-las-aulas\/#breadcrumb\",\"itemListElement\":[{\"@type\":\"ListItem\",\"position\":1,\"name\":\"Portada\",\"item\":\"https:\/\/canal2deanfunes.com\/\"},{\"@type\":\"ListItem\",\"position\":2,\"name\":\"UEPC ISCHIL\u00cdN SOSTIENE QUE NO ES SEGURO EL REGRESO A LAS AULAS\"}]},{\"@type\":\"WebSite\",\"@id\":\"https:\/\/canal2deanfunes.com\/#website\",\"url\":\"https:\/\/canal2deanfunes.com\/\",\"name\":\"Canal 2 De\u00e1n Funes\",\"description\":\"Otro sitio realizado con WordPress\",\"publisher\":{\"@id\":\"https:\/\/canal2deanfunes.com\/#organization\"},\"potentialAction\":[{\"@type\":\"SearchAction\",\"target\":{\"@type\":\"EntryPoint\",\"urlTemplate\":\"https:\/\/canal2deanfunes.com\/?s={search_term_string}\"},\"query-input\":\"required name=search_term_string\"}],\"inLanguage\":\"es\"},{\"@type\":\"Organization\",\"@id\":\"https:\/\/canal2deanfunes.com\/#organization\",\"name\":\"Canal 2 De\u00e1n Funes\",\"url\":\"https:\/\/canal2deanfunes.com\/\",\"sameAs\":[\"https:\/\/www.instagram.com\/canal2deanfunes\/\",\"https:\/\/www.youtube.com\/channel\/UC3bsL78u3y7RjR7ghXj4sCw\",\"https:\/\/www.facebook.com\/Canal2DF\"],\"logo\":{\"@type\":\"ImageObject\",\"inLanguage\":\"es\",\"@id\":\"https:\/\/canal2deanfunes.com\/#\/schema\/logo\/image\/\",\"url\":\"https:\/\/canal2deanfunes.com\/wp-content\/uploads\/2020\/08\/C2-CHICO-01.png\",\"contentUrl\":\"https:\/\/canal2deanfunes.com\/wp-content\/uploads\/2020\/08\/C2-CHICO-01.png\",\"width\":231,\"height\":90,\"caption\":\"Canal 2 De\u00e1n Funes\"},\"image\":{\"@id\":\"https:\/\/canal2deanfunes.com\/#\/schema\/logo\/image\/\"}},{\"@type\":\"Person\",\"@id\":\"https:\/\/canal2deanfunes.com\/#\/schema\/person\/eb55f9178d26b9ccff99a53e2dc59a5c\",\"name\":\"Canal 2 De\u00e1n Funes\",\"image\":{\"@type\":\"ImageObject\",\"inLanguage\":\"es\",\"@id\":\"https:\/\/canal2deanfunes.com\/#\/schema\/person\/image\/\",\"url\":\"https:\/\/secure.gravatar.com\/avatar\/40091e4eb434b617e3322b2702be9a63?s=96&d=mm&r=g\",\"contentUrl\":\"https:\/\/secure.gravatar.com\/avatar\/40091e4eb434b617e3322b2702be9a63?s=96&d=mm&r=g\",\"caption\":\"Canal 2 De\u00e1n Funes\"},\"url\":\"https:\/\/canal2deanfunes.com\/index.php\/author\/canal\/\"}]}<\/script>\n<!-- \/ Yoast SEO plugin. -->","yoast_head_json":{"title":"UEPC ISCHIL\u00cdN SOSTIENE QUE NO ES SEGURO EL REGRESO A LAS AULAS | Canal 2 De\u00e1n Funes","robots":{"index":"index","follow":"follow","max-snippet":"max-snippet:-1","max-image-preview":"max-image-preview:large","max-video-preview":"max-video-preview:-1"},"canonical":"https:\/\/canal2deanfunes.com\/index.php\/2020\/10\/06\/uepc-ischilin-sostiene-que-no-es-seguro-el-regreso-a-las-aulas\/","og_locale":"es_ES","og_type":"article","og_title":"UEPC ISCHIL\u00cdN SOSTIENE QUE NO ES SEGURO EL REGRESO A LAS AULAS | Canal 2 De\u00e1n Funes","og_description":"Desde el gremio que nuclea a los docentes aseguran que \u00abno est\u00e1n dadas las condiciones\u00bb. El Ministro de Educaci\u00f3n de la Naci\u00f3n, Nicol\u00e1s Trotta, mantuvo una reuni\u00f3n virtual con los ministros de las 24 provincias este martes, sobre el posible regreso a las clases presenciales, poniendo en consideraci\u00f3n la situaci\u00f3n epidemiol\u00f3gica de cada una. En [&hellip;]","og_url":"https:\/\/canal2deanfunes.com\/index.php\/2020\/10\/06\/uepc-ischilin-sostiene-que-no-es-seguro-el-regreso-a-las-aulas\/","og_site_name":"Canal 2 De\u00e1n Funes","article_publisher":"https:\/\/www.facebook.com\/Canal2DF","article_published_time":"2020-10-06T23:58:09+00:00","article_modified_time":"2020-10-06T23:58:18+00:00","og_image":[{"width":640,"height":480,"url":"https:\/\/canal2deanfunes.com\/wp-content\/uploads\/2020\/10\/sddefault-2.jpg","type":"image\/jpeg"}],"author":"Canal 2 De\u00e1n Funes","twitter_card":"summary_large_image","twitter_misc":{"Escrito por":"Canal 2 De\u00e1n Funes","Tiempo de lectura":"1 minuto"},"schema":{"@context":"https:\/\/schema.org","@graph":[{"@type":"Article","@id":"https:\/\/canal2deanfunes.com\/index.php\/2020\/10\/06\/uepc-ischilin-sostiene-que-no-es-seguro-el-regreso-a-las-aulas\/#article","isPartOf":{"@id":"https:\/\/canal2deanfunes.com\/index.php\/2020\/10\/06\/uepc-ischilin-sostiene-que-no-es-seguro-el-regreso-a-las-aulas\/"},"author":{"name":"Canal 2 De\u00e1n Funes","@id":"https:\/\/canal2deanfunes.com\/#\/schema\/person\/eb55f9178d26b9ccff99a53e2dc59a5c"},"headline":"UEPC ISCHIL\u00cdN SOSTIENE QUE NO ES SEGURO EL REGRESO A LAS AULAS","datePublished":"2020-10-06T23:58:09+00:00","dateModified":"2020-10-06T23:58:18+00:00","mainEntityOfPage":{"@id":"https:\/\/canal2deanfunes.com\/index.php\/2020\/10\/06\/uepc-ischilin-sostiene-que-no-es-seguro-el-regreso-a-las-aulas\/"},"wordCount":213,"commentCount":0,"publisher":{"@id":"https:\/\/canal2deanfunes.com\/#organization"},"articleSection":["Covid-19","De\u00e1n Funes","Educaci\u00f3n","Pol\u00edtica"],"inLanguage":"es","potentialAction":[{"@type":"CommentAction","name":"Comment","target":["https:\/\/canal2deanfunes.com\/index.php\/2020\/10\/06\/uepc-ischilin-sostiene-que-no-es-seguro-el-regreso-a-las-aulas\/#respond"]}]},{"@type":"WebPage","@id":"https:\/\/canal2deanfunes.com\/index.php\/2020\/10\/06\/uepc-ischilin-sostiene-que-no-es-seguro-el-regreso-a-las-aulas\/","url":"https:\/\/canal2deanfunes.com\/index.php\/2020\/10\/06\/uepc-ischilin-sostiene-que-no-es-seguro-el-regreso-a-las-aulas\/","name":"UEPC ISCHIL\u00cdN SOSTIENE QUE NO ES SEGURO EL REGRESO A LAS AULAS | Canal 2 De\u00e1n Funes","isPartOf":{"@id":"https:\/\/canal2deanfunes.com\/#website"},"datePublished":"2020-10-06T23:58:09+00:00","dateModified":"2020-10-06T23:58:18+00:00","breadcrumb":{"@id":"https:\/\/canal2deanfunes.com\/index.php\/2020\/10\/06\/uepc-ischilin-sostiene-que-no-es-seguro-el-regreso-a-las-aulas\/#breadcrumb"},"inLanguage":"es","potentialAction":[{"@type":"ReadAction","target":["https:\/\/canal2deanfunes.com\/index.php\/2020\/10\/06\/uepc-ischilin-sostiene-que-no-es-seguro-el-regreso-a-las-aulas\/"]}]},{"@type":"BreadcrumbList","@id":"https:\/\/canal2deanfunes.com\/index.php\/2020\/10\/06\/uepc-ischilin-sostiene-que-no-es-seguro-el-regreso-a-las-aulas\/#breadcrumb","itemListElement":[{"@type":"ListItem","position":1,"name":"Portada","item":"https:\/\/canal2deanfunes.com\/"},{"@type":"ListItem","position":2,"name":"UEPC ISCHIL\u00cdN SOSTIENE QUE NO ES SEGURO EL REGRESO A LAS AULAS"}]},{"@type":"WebSite","@id":"https:\/\/canal2deanfunes.com\/#website","url":"https:\/\/canal2deanfunes.com\/","name":"Canal 2 De\u00e1n Funes","description":"Otro sitio realizado con WordPress","publisher":{"@id":"https:\/\/canal2deanfunes.com\/#organization"},"potentialAction":[{"@type":"SearchAction","target":{"@type":"EntryPoint","urlTemplate":"https:\/\/canal2deanfunes.com\/?s={search_term_string}"},"query-input":"required name=search_term_string"}],"inLanguage":"es"},{"@type":"Organization","@id":"https:\/\/canal2deanfunes.com\/#organization","name":"Canal 2 De\u00e1n Funes","url":"https:\/\/canal2deanfunes.com\/","sameAs":["https:\/\/www.instagram.com\/canal2deanfunes\/","https:\/\/www.youtube.com\/channel\/UC3bsL78u3y7RjR7ghXj4sCw","https:\/\/www.facebook.com\/Canal2DF"],"logo":{"@type":"ImageObject","inLanguage":"es","@id":"https:\/\/canal2deanfunes.com\/#\/schema\/logo\/image\/","url":"https:\/\/canal2deanfunes.com\/wp-content\/uploads\/2020\/08\/C2-CHICO-01.png","contentUrl":"https:\/\/canal2deanfunes.com\/wp-content\/uploads\/2020\/08\/C2-CHICO-01.png","width":231,"height":90,"caption":"Canal 2 De\u00e1n Funes"},"image":{"@id":"https:\/\/canal2deanfunes.com\/#\/schema\/logo\/image\/"}},{"@type":"Person","@id":"https:\/\/canal2deanfunes.com\/#\/schema\/person\/eb55f9178d26b9ccff99a53e2dc59a5c","name":"Canal 2 De\u00e1n Funes","image":{"@type":"ImageObject","inLanguage":"es","@id":"https:\/\/canal2deanfunes.com\/#\/schema\/person\/image\/","url":"https:\/\/secure.gravatar.com\/avatar\/40091e4eb434b617e3322b2702be9a63?s=96&d=mm&r=g","contentUrl":"https:\/\/secure.gravatar.com\/avatar\/40091e4eb434b617e3322b2702be9a63?s=96&d=mm&r=g","caption":"Canal 2 De\u00e1n Funes"},"url":"https:\/\/canal2deanfunes.com\/index.php\/author\/canal\/"}]}},"_links":{"self":[{"href":"https:\/\/canal2deanfunes.com\/index.php\/wp-json\/wp\/v2\/posts\/320","targetHints":{"allow":["GET"]}}],"collection":[{"href":"https:\/\/canal2deanfunes.com\/index.php\/wp-json\/wp\/v2\/posts"}],"about":[{"href":"https:\/\/canal2deanfunes.com\/index.php\/wp-json\/wp\/v2\/types\/post"}],"author":[{"embeddable":true,"href":"https:\/\/canal2deanfunes.com\/index.php\/wp-json\/wp\/v2\/users\/5"}],"replies":[{"embeddable":true,"href":"https:\/\/canal2deanfunes.com\/index.php\/wp-json\/wp\/v2\/comments?post=320"}],"version-history":[{"count":1,"href":"https:\/\/canal2deanfunes.com\/index.php\/wp-json\/wp\/v2\/posts\/320\/revisions"}],"predecessor-version":[{"id":322,"href":"https:\/\/canal2deanfunes.com\/index.php\/wp-json\/wp\/v2\/posts\/320\/revisions\/322"}],"wp:featuredmedia":[{"embeddable":true,"href":"https:\/\/canal2deanfunes.com\/index.php\/wp-json\/wp\/v2\/media\/323"}],"wp:attachment":[{"href":"https:\/\/canal2deanfunes.com\/index.php\/wp-json\/wp\/v2\/media?parent=320"}],"wp:term":[{"taxonomy":"category","embeddable":true,"href":"https:\/\/canal2deanfunes.com\/index.php\/wp-json\/wp\/v2\/categories?post=320"},{"taxonomy":"post_tag","embeddable":true,"href":"https:\/\/canal2deanfunes.com\/index.php\/wp-json\/wp\/v2\/tags?post=320"}],"curies":[{"name":"wp","href":"https:\/\/api.w.org\/{rel}","templated":true}]}}