{"id":400,"date":"2020-11-04T08:27:38","date_gmt":"2020-11-04T11:27:38","guid":{"rendered":"http:\/\/canal2deanfunes.com\/?p=400"},"modified":"2020-11-04T08:27:45","modified_gmt":"2020-11-04T11:27:45","slug":"turismo-en-medio-de-la-pandemia-buscan-promover-el-turismo-regional","status":"publish","type":"post","link":"https:\/\/canal2deanfunes.com\/index.php\/2020\/11\/04\/turismo-en-medio-de-la-pandemia-buscan-promover-el-turismo-regional\/","title":{"rendered":"TURISMO EN MEDIO DE LA PANDEMIA: BUSCAN PROMOVER EL TURISMO REGIONAL"},"content":{"rendered":"\n<h2 class=\"wp-block-heading\">La diputada Adriana Ruarte habl\u00f3 sobre el proyecto que pretende revalorizar el Camino Real secundario que atraviesa la regi\u00f3n y promover el turismo interno.<\/h2>\n\n\n\n<p>A un mes del comienzo de la temporada tur\u00edstica, y en el marco de la pandemia por Covid-19, la Diputada Nacional por Cambiemos, Adriana Ruarte, habl\u00f3 sobre su ambicioso proyecto que busca promocionar el turismo interno en la provincia de C\u00f3rdoba y, puntualmente, en el norte cordob\u00e9s.<\/p>\n\n\n\n<p>Teniendo en cuenta la particular temporada de verano que se avecina, la diputada reflexion\u00f3 sobre el buen momento para impulsar la revalorizaci\u00f3n de los atractivos de la regi\u00f3n.<\/p>\n\n\n\n<p>\u00abEsta pandemia nos ha ense\u00f1ado una nueva forma de vivir. Se habla mucho de una nueva normalidad, pero creo que, realmente, es una buena oportunidad de salir a promocionar esta regi\u00f3n norte que tantas belleza encierra\u00bb.<\/p>\n\n\n\n<p>El objetivo del proyecto radica en poner en valor el \u00abCamino Real del Bajo al Alto Per\u00fa\u00bb que recorre las localidades del norte de C\u00f3rdoba. Su importancia radica en el valor hist\u00f3rico y cultural, adem\u00e1s del atractivo natural de nuestra zona.<\/p>\n","protected":false},"excerpt":{"rendered":"<p>La diputada Adriana Ruarte habl\u00f3 sobre el proyecto que pretende revalorizar el Camino Real secundario que atraviesa la regi\u00f3n y promover el turismo interno. A un mes del comienzo de la temporada tur\u00edstica, y en el marco de la pandemia por Covid-19, la Diputada Nacional por Cambiemos, Adriana Ruarte, habl\u00f3 sobre su ambicioso proyecto que [&hellip;]<\/p>\n","protected":false},"author":5,"featured_media":402,"comment_status":"open","ping_status":"open","sticky":false,"template":"","format":"video","meta":{"tdm_status":"","tdm_grid_status":"","footnotes":""},"categories":[20,13,62,8,57],"tags":[],"class_list":{"0":"post-400","1":"post","2":"type-post","3":"status-publish","4":"format-video","5":"has-post-thumbnail","7":"category-cordoba","8":"category-covid-19","9":"category-dean-funes","10":"category-polit","11":"category-regionales","12":"post_format-post-format-video"},"yoast_head":"<!-- This site is optimized with the Yoast SEO plugin v19.5.1 - https:\/\/yoast.com\/wordpress\/plugins\/seo\/ -->\n<title>TURISMO EN MEDIO DE LA PANDEMIA: BUSCAN PROMOVER EL TURISMO REGIONAL | Canal 2 De\u00e1n Funes<\/title>\n<meta name=\"robots\" content=\"index, follow, max-snippet:-1, max-image-preview:large, max-video-preview:-1\" \/>\n<link rel=\"canonical\" href=\"https:\/\/canal2deanfunes.com\/index.php\/2020\/11\/04\/turismo-en-medio-de-la-pandemia-buscan-promover-el-turismo-regional\/\" \/>\n<meta property=\"og:locale\" content=\"es_ES\" \/>\n<meta property=\"og:type\" content=\"article\" \/>\n<meta property=\"og:title\" content=\"TURISMO EN MEDIO DE LA PANDEMIA: BUSCAN PROMOVER EL TURISMO REGIONAL | Canal 2 De\u00e1n Funes\" \/>\n<meta property=\"og:description\" content=\"La diputada Adriana Ruarte habl\u00f3 sobre el proyecto que pretende revalorizar el Camino Real secundario que atraviesa la regi\u00f3n y promover el turismo interno. A un mes del comienzo de la temporada tur\u00edstica, y en el marco de la pandemia por Covid-19, la Diputada Nacional por Cambiemos, Adriana Ruarte, habl\u00f3 sobre su ambicioso proyecto que [&hellip;]\" \/>\n<meta property=\"og:url\" content=\"https:\/\/canal2deanfunes.com\/index.php\/2020\/11\/04\/turismo-en-medio-de-la-pandemia-buscan-promover-el-turismo-regional\/\" \/>\n<meta property=\"og:site_name\" content=\"Canal 2 De\u00e1n Funes\" \/>\n<meta property=\"article:publisher\" content=\"https:\/\/www.facebook.com\/Canal2DF\" \/>\n<meta property=\"article:published_time\" content=\"2020-11-04T11:27:38+00:00\" \/>\n<meta property=\"article:modified_time\" content=\"2020-11-04T11:27:45+00:00\" \/>\n<meta property=\"og:image\" content=\"https:\/\/canal2deanfunes.com\/wp-content\/uploads\/2020\/11\/sddefault.jpg\" \/>\n\t<meta property=\"og:image:width\" content=\"640\" \/>\n\t<meta property=\"og:image:height\" content=\"480\" \/>\n\t<meta property=\"og:image:type\" content=\"image\/jpeg\" \/>\n<meta name=\"author\" content=\"Canal 2 De\u00e1n Funes\" \/>\n<meta name=\"twitter:card\" content=\"summary_large_image\" \/>\n<meta name=\"twitter:label1\" content=\"Escrito por\" \/>\n\t<meta name=\"twitter:data1\" content=\"Canal 2 De\u00e1n Funes\" \/>\n\t<meta name=\"twitter:label2\" content=\"Tiempo de lectura\" \/>\n\t<meta name=\"twitter:data2\" content=\"1 minuto\" \/>\n<script type=\"application\/ld+json\" class=\"yoast-schema-graph\">{\"@context\":\"https:\/\/schema.org\",\"@graph\":[{\"@type\":\"Article\",\"@id\":\"https:\/\/canal2deanfunes.com\/index.php\/2020\/11\/04\/turismo-en-medio-de-la-pandemia-buscan-promover-el-turismo-regional\/#article\",\"isPartOf\":{\"@id\":\"https:\/\/canal2deanfunes.com\/index.php\/2020\/11\/04\/turismo-en-medio-de-la-pandemia-buscan-promover-el-turismo-regional\/\"},\"author\":{\"name\":\"Canal 2 De\u00e1n Funes\",\"@id\":\"https:\/\/canal2deanfunes.com\/#\/schema\/person\/eb55f9178d26b9ccff99a53e2dc59a5c\"},\"headline\":\"TURISMO EN MEDIO DE LA PANDEMIA: BUSCAN PROMOVER EL TURISMO REGIONAL\",\"datePublished\":\"2020-11-04T11:27:38+00:00\",\"dateModified\":\"2020-11-04T11:27:45+00:00\",\"mainEntityOfPage\":{\"@id\":\"https:\/\/canal2deanfunes.com\/index.php\/2020\/11\/04\/turismo-en-medio-de-la-pandemia-buscan-promover-el-turismo-regional\/\"},\"wordCount\":198,\"commentCount\":0,\"publisher\":{\"@id\":\"https:\/\/canal2deanfunes.com\/#organization\"},\"articleSection\":[\"C\u00f3rdoba\",\"Covid-19\",\"De\u00e1n Funes\",\"Pol\u00edtica\",\"Regionales\"],\"inLanguage\":\"es\",\"potentialAction\":[{\"@type\":\"CommentAction\",\"name\":\"Comment\",\"target\":[\"https:\/\/canal2deanfunes.com\/index.php\/2020\/11\/04\/turismo-en-medio-de-la-pandemia-buscan-promover-el-turismo-regional\/#respond\"]}]},{\"@type\":\"WebPage\",\"@id\":\"https:\/\/canal2deanfunes.com\/index.php\/2020\/11\/04\/turismo-en-medio-de-la-pandemia-buscan-promover-el-turismo-regional\/\",\"url\":\"https:\/\/canal2deanfunes.com\/index.php\/2020\/11\/04\/turismo-en-medio-de-la-pandemia-buscan-promover-el-turismo-regional\/\",\"name\":\"TURISMO EN MEDIO DE LA PANDEMIA: BUSCAN PROMOVER EL TURISMO REGIONAL | Canal 2 De\u00e1n Funes\",\"isPartOf\":{\"@id\":\"https:\/\/canal2deanfunes.com\/#website\"},\"datePublished\":\"2020-11-04T11:27:38+00:00\",\"dateModified\":\"2020-11-04T11:27:45+00:00\",\"breadcrumb\":{\"@id\":\"https:\/\/canal2deanfunes.com\/index.php\/2020\/11\/04\/turismo-en-medio-de-la-pandemia-buscan-promover-el-turismo-regional\/#breadcrumb\"},\"inLanguage\":\"es\",\"potentialAction\":[{\"@type\":\"ReadAction\",\"target\":[\"https:\/\/canal2deanfunes.com\/index.php\/2020\/11\/04\/turismo-en-medio-de-la-pandemia-buscan-promover-el-turismo-regional\/\"]}]},{\"@type\":\"BreadcrumbList\",\"@id\":\"https:\/\/canal2deanfunes.com\/index.php\/2020\/11\/04\/turismo-en-medio-de-la-pandemia-buscan-promover-el-turismo-regional\/#breadcrumb\",\"itemListElement\":[{\"@type\":\"ListItem\",\"position\":1,\"name\":\"Portada\",\"item\":\"https:\/\/canal2deanfunes.com\/\"},{\"@type\":\"ListItem\",\"position\":2,\"name\":\"TURISMO EN MEDIO DE LA PANDEMIA: BUSCAN PROMOVER EL TURISMO REGIONAL\"}]},{\"@type\":\"WebSite\",\"@id\":\"https:\/\/canal2deanfunes.com\/#website\",\"url\":\"https:\/\/canal2deanfunes.com\/\",\"name\":\"Canal 2 De\u00e1n Funes\",\"description\":\"Otro sitio realizado con WordPress\",\"publisher\":{\"@id\":\"https:\/\/canal2deanfunes.com\/#organization\"},\"potentialAction\":[{\"@type\":\"SearchAction\",\"target\":{\"@type\":\"EntryPoint\",\"urlTemplate\":\"https:\/\/canal2deanfunes.com\/?s={search_term_string}\"},\"query-input\":\"required name=search_term_string\"}],\"inLanguage\":\"es\"},{\"@type\":\"Organization\",\"@id\":\"https:\/\/canal2deanfunes.com\/#organization\",\"name\":\"Canal 2 De\u00e1n Funes\",\"url\":\"https:\/\/canal2deanfunes.com\/\",\"sameAs\":[\"https:\/\/www.instagram.com\/canal2deanfunes\/\",\"https:\/\/www.youtube.com\/channel\/UC3bsL78u3y7RjR7ghXj4sCw\",\"https:\/\/www.facebook.com\/Canal2DF\"],\"logo\":{\"@type\":\"ImageObject\",\"inLanguage\":\"es\",\"@id\":\"https:\/\/canal2deanfunes.com\/#\/schema\/logo\/image\/\",\"url\":\"https:\/\/canal2deanfunes.com\/wp-content\/uploads\/2020\/08\/C2-CHICO-01.png\",\"contentUrl\":\"https:\/\/canal2deanfunes.com\/wp-content\/uploads\/2020\/08\/C2-CHICO-01.png\",\"width\":231,\"height\":90,\"caption\":\"Canal 2 De\u00e1n Funes\"},\"image\":{\"@id\":\"https:\/\/canal2deanfunes.com\/#\/schema\/logo\/image\/\"}},{\"@type\":\"Person\",\"@id\":\"https:\/\/canal2deanfunes.com\/#\/schema\/person\/eb55f9178d26b9ccff99a53e2dc59a5c\",\"name\":\"Canal 2 De\u00e1n Funes\",\"image\":{\"@type\":\"ImageObject\",\"inLanguage\":\"es\",\"@id\":\"https:\/\/canal2deanfunes.com\/#\/schema\/person\/image\/\",\"url\":\"https:\/\/secure.gravatar.com\/avatar\/40091e4eb434b617e3322b2702be9a63?s=96&d=mm&r=g\",\"contentUrl\":\"https:\/\/secure.gravatar.com\/avatar\/40091e4eb434b617e3322b2702be9a63?s=96&d=mm&r=g\",\"caption\":\"Canal 2 De\u00e1n Funes\"},\"url\":\"https:\/\/canal2deanfunes.com\/index.php\/author\/canal\/\"}]}<\/script>\n<!-- \/ Yoast SEO plugin. -->","yoast_head_json":{"title":"TURISMO EN MEDIO DE LA PANDEMIA: BUSCAN PROMOVER EL TURISMO REGIONAL | Canal 2 De\u00e1n Funes","robots":{"index":"index","follow":"follow","max-snippet":"max-snippet:-1","max-image-preview":"max-image-preview:large","max-video-preview":"max-video-preview:-1"},"canonical":"https:\/\/canal2deanfunes.com\/index.php\/2020\/11\/04\/turismo-en-medio-de-la-pandemia-buscan-promover-el-turismo-regional\/","og_locale":"es_ES","og_type":"article","og_title":"TURISMO EN MEDIO DE LA PANDEMIA: BUSCAN PROMOVER EL TURISMO REGIONAL | Canal 2 De\u00e1n Funes","og_description":"La diputada Adriana Ruarte habl\u00f3 sobre el proyecto que pretende revalorizar el Camino Real secundario que atraviesa la regi\u00f3n y promover el turismo interno. A un mes del comienzo de la temporada tur\u00edstica, y en el marco de la pandemia por Covid-19, la Diputada Nacional por Cambiemos, Adriana Ruarte, habl\u00f3 sobre su ambicioso proyecto que [&hellip;]","og_url":"https:\/\/canal2deanfunes.com\/index.php\/2020\/11\/04\/turismo-en-medio-de-la-pandemia-buscan-promover-el-turismo-regional\/","og_site_name":"Canal 2 De\u00e1n Funes","article_publisher":"https:\/\/www.facebook.com\/Canal2DF","article_published_time":"2020-11-04T11:27:38+00:00","article_modified_time":"2020-11-04T11:27:45+00:00","og_image":[{"width":640,"height":480,"url":"https:\/\/canal2deanfunes.com\/wp-content\/uploads\/2020\/11\/sddefault.jpg","type":"image\/jpeg"}],"author":"Canal 2 De\u00e1n Funes","twitter_card":"summary_large_image","twitter_misc":{"Escrito por":"Canal 2 De\u00e1n Funes","Tiempo de lectura":"1 minuto"},"schema":{"@context":"https:\/\/schema.org","@graph":[{"@type":"Article","@id":"https:\/\/canal2deanfunes.com\/index.php\/2020\/11\/04\/turismo-en-medio-de-la-pandemia-buscan-promover-el-turismo-regional\/#article","isPartOf":{"@id":"https:\/\/canal2deanfunes.com\/index.php\/2020\/11\/04\/turismo-en-medio-de-la-pandemia-buscan-promover-el-turismo-regional\/"},"author":{"name":"Canal 2 De\u00e1n Funes","@id":"https:\/\/canal2deanfunes.com\/#\/schema\/person\/eb55f9178d26b9ccff99a53e2dc59a5c"},"headline":"TURISMO EN MEDIO DE LA PANDEMIA: BUSCAN PROMOVER EL TURISMO REGIONAL","datePublished":"2020-11-04T11:27:38+00:00","dateModified":"2020-11-04T11:27:45+00:00","mainEntityOfPage":{"@id":"https:\/\/canal2deanfunes.com\/index.php\/2020\/11\/04\/turismo-en-medio-de-la-pandemia-buscan-promover-el-turismo-regional\/"},"wordCount":198,"commentCount":0,"publisher":{"@id":"https:\/\/canal2deanfunes.com\/#organization"},"articleSection":["C\u00f3rdoba","Covid-19","De\u00e1n Funes","Pol\u00edtica","Regionales"],"inLanguage":"es","potentialAction":[{"@type":"CommentAction","name":"Comment","target":["https:\/\/canal2deanfunes.com\/index.php\/2020\/11\/04\/turismo-en-medio-de-la-pandemia-buscan-promover-el-turismo-regional\/#respond"]}]},{"@type":"WebPage","@id":"https:\/\/canal2deanfunes.com\/index.php\/2020\/11\/04\/turismo-en-medio-de-la-pandemia-buscan-promover-el-turismo-regional\/","url":"https:\/\/canal2deanfunes.com\/index.php\/2020\/11\/04\/turismo-en-medio-de-la-pandemia-buscan-promover-el-turismo-regional\/","name":"TURISMO EN MEDIO DE LA PANDEMIA: BUSCAN PROMOVER EL TURISMO REGIONAL | Canal 2 De\u00e1n Funes","isPartOf":{"@id":"https:\/\/canal2deanfunes.com\/#website"},"datePublished":"2020-11-04T11:27:38+00:00","dateModified":"2020-11-04T11:27:45+00:00","breadcrumb":{"@id":"https:\/\/canal2deanfunes.com\/index.php\/2020\/11\/04\/turismo-en-medio-de-la-pandemia-buscan-promover-el-turismo-regional\/#breadcrumb"},"inLanguage":"es","potentialAction":[{"@type":"ReadAction","target":["https:\/\/canal2deanfunes.com\/index.php\/2020\/11\/04\/turismo-en-medio-de-la-pandemia-buscan-promover-el-turismo-regional\/"]}]},{"@type":"BreadcrumbList","@id":"https:\/\/canal2deanfunes.com\/index.php\/2020\/11\/04\/turismo-en-medio-de-la-pandemia-buscan-promover-el-turismo-regional\/#breadcrumb","itemListElement":[{"@type":"ListItem","position":1,"name":"Portada","item":"https:\/\/canal2deanfunes.com\/"},{"@type":"ListItem","position":2,"name":"TURISMO EN MEDIO DE LA PANDEMIA: BUSCAN PROMOVER EL TURISMO REGIONAL"}]},{"@type":"WebSite","@id":"https:\/\/canal2deanfunes.com\/#website","url":"https:\/\/canal2deanfunes.com\/","name":"Canal 2 De\u00e1n Funes","description":"Otro sitio realizado con WordPress","publisher":{"@id":"https:\/\/canal2deanfunes.com\/#organization"},"potentialAction":[{"@type":"SearchAction","target":{"@type":"EntryPoint","urlTemplate":"https:\/\/canal2deanfunes.com\/?s={search_term_string}"},"query-input":"required name=search_term_string"}],"inLanguage":"es"},{"@type":"Organization","@id":"https:\/\/canal2deanfunes.com\/#organization","name":"Canal 2 De\u00e1n Funes","url":"https:\/\/canal2deanfunes.com\/","sameAs":["https:\/\/www.instagram.com\/canal2deanfunes\/","https:\/\/www.youtube.com\/channel\/UC3bsL78u3y7RjR7ghXj4sCw","https:\/\/www.facebook.com\/Canal2DF"],"logo":{"@type":"ImageObject","inLanguage":"es","@id":"https:\/\/canal2deanfunes.com\/#\/schema\/logo\/image\/","url":"https:\/\/canal2deanfunes.com\/wp-content\/uploads\/2020\/08\/C2-CHICO-01.png","contentUrl":"https:\/\/canal2deanfunes.com\/wp-content\/uploads\/2020\/08\/C2-CHICO-01.png","width":231,"height":90,"caption":"Canal 2 De\u00e1n Funes"},"image":{"@id":"https:\/\/canal2deanfunes.com\/#\/schema\/logo\/image\/"}},{"@type":"Person","@id":"https:\/\/canal2deanfunes.com\/#\/schema\/person\/eb55f9178d26b9ccff99a53e2dc59a5c","name":"Canal 2 De\u00e1n Funes","image":{"@type":"ImageObject","inLanguage":"es","@id":"https:\/\/canal2deanfunes.com\/#\/schema\/person\/image\/","url":"https:\/\/secure.gravatar.com\/avatar\/40091e4eb434b617e3322b2702be9a63?s=96&d=mm&r=g","contentUrl":"https:\/\/secure.gravatar.com\/avatar\/40091e4eb434b617e3322b2702be9a63?s=96&d=mm&r=g","caption":"Canal 2 De\u00e1n Funes"},"url":"https:\/\/canal2deanfunes.com\/index.php\/author\/canal\/"}]}},"_links":{"self":[{"href":"https:\/\/canal2deanfunes.com\/index.php\/wp-json\/wp\/v2\/posts\/400","targetHints":{"allow":["GET"]}}],"collection":[{"href":"https:\/\/canal2deanfunes.com\/index.php\/wp-json\/wp\/v2\/posts"}],"about":[{"href":"https:\/\/canal2deanfunes.com\/index.php\/wp-json\/wp\/v2\/types\/post"}],"author":[{"embeddable":true,"href":"https:\/\/canal2deanfunes.com\/index.php\/wp-json\/wp\/v2\/users\/5"}],"replies":[{"embeddable":true,"href":"https:\/\/canal2deanfunes.com\/index.php\/wp-json\/wp\/v2\/comments?post=400"}],"version-history":[{"count":1,"href":"https:\/\/canal2deanfunes.com\/index.php\/wp-json\/wp\/v2\/posts\/400\/revisions"}],"predecessor-version":[{"id":401,"href":"https:\/\/canal2deanfunes.com\/index.php\/wp-json\/wp\/v2\/posts\/400\/revisions\/401"}],"wp:featuredmedia":[{"embeddable":true,"href":"https:\/\/canal2deanfunes.com\/index.php\/wp-json\/wp\/v2\/media\/402"}],"wp:attachment":[{"href":"https:\/\/canal2deanfunes.com\/index.php\/wp-json\/wp\/v2\/media?parent=400"}],"wp:term":[{"taxonomy":"category","embeddable":true,"href":"https:\/\/canal2deanfunes.com\/index.php\/wp-json\/wp\/v2\/categories?post=400"},{"taxonomy":"post_tag","embeddable":true,"href":"https:\/\/canal2deanfunes.com\/index.php\/wp-json\/wp\/v2\/tags?post=400"}],"curies":[{"name":"wp","href":"https:\/\/api.w.org\/{rel}","templated":true}]}}